{"id":99,"date":"2019-11-29T15:58:10","date_gmt":"2019-11-29T14:58:10","guid":{"rendered":"http:\/\/lfl-sachsen-anhalt.de\/lfllsa2\/?p=99"},"modified":"2019-11-29T18:29:39","modified_gmt":"2019-11-29T17:29:39","slug":"landschaftspflegetag-2018","status":"publish","type":"post","link":"http:\/\/lfl-sachsen-anhalt.de\/lfllsa2\/landschaftspflegetag-2018\/","title":{"rendered":"Landschaftspflegetag Sachsen-Anhalt 2018"},"content":{"rendered":"\n<p><strong>Zu Besuch im gr\u00fcnen Norden beim LPV Altmark-Elb-Havel-Winkel e.V.<\/strong><\/p>\n\n\n\n<p>Einmal im Jahr kommen die Landschaftspflegeverb\u00e4nde Sachsen-Anhalts zu einer gemeinsamen Jahrestagung zusammen. Abwechselnd sind wir immer wieder in einer anderen Region unseres Bundeslandes zu Gast. Am 5. September 2018 trafen wir uns in Kl\u00e4den, Teil der Einheitsgemeinde Stadt Bismark, im Herzen der Altmark, um uns zum Thema \u201eGeh\u00f6lze in unserer Landschaft \u2013 Freund oder Feind?\u201c auszutauschen. Gastgeber war der Landschaftspflegeverband Altmark-Elb-Havel-Winkel e.V., der sich hier seit vielen Jahren vor allem f\u00fcr die Erhaltung und Pflege der vielen Kopfb\u00e4ume entlang der Wege und unz\u00e4hligen kleinen Flie\u00dfgew\u00e4sser in der Altmark einsetzt.<\/p>\n\n\n\n<p>Das Thema \u201eGeh\u00f6lze in unserer Landschaft\u201c war nicht zuf\u00e4llig gew\u00e4hlt. Leider kann man immer mehr beobachten, dass Geh\u00f6lze und B\u00e4ume nur noch als st\u00f6rend und gef\u00e4hrlich empfunden werden. Laub harken, herabbrechende \u00c4ste, Hecken, die in landwirtschaftliche Nutzfl\u00e4chen wachsen? \u2013 nein danke! Die Pflege der Geh\u00f6lze ist ein Kostenfaktor, der die klammen Gemeindekassen belastet. Schleichend und still verschwinden Geh\u00f6lze immer mehr aus unseren D\u00f6rfern, St\u00e4dten und unserer Landschaft. Es ist nicht nur ein Gef\u00fchl, dass leichtfertig gro\u00dfe B\u00e4ume ersatzlos gef\u00e4llt, Hecken verst\u00fcmmelt werden. Mit ihnen verlieren unsere Orte an Gesicht, Sch\u00f6nheit und Eigenart. Wir verlieren damit auch eine Gratisleistung durch eine positive Wirkung auf Klima und Artenvielfalt.<br>Dabei wurden B\u00e4ume von vielen alten V\u00f6lkern verehrt. Den Germanen galt die Linde als heiliger Baum der G\u00f6ttin Freya. Linden waren der Treffpunkt der Gemeinschaften, unter ihnen wurde Recht gesprochen, Kultst\u00e4tten waren von Linden umgeben. Auch Eichen besa\u00dfen eine gro\u00dfe Symbolkraft. Eichenw\u00e4lder lieferten Nahrung f\u00fcr Mensch und Tier, Brenn- und Bauholz. In den heiligen Eichenhainen der Germanen war das F\u00e4llen der B\u00e4ume oder Abknicken von Zweigen streng verboten. Mit Eichenlaub wurden siegreiche Krieger bekr\u00e4nzt. Wo ist die fr\u00fchere Wertsch\u00e4tzung geblieben?<\/p>\n\n\n\n<p>40 Teilnehmer aus ganz Sachsen-Anhalt konnte Kerstin Rieche (Vorsitzende des Landesverbandes f\u00fcr Landschaftspflege Sachsen-Anhalt e.V.) begr\u00fc\u00dfen. Er\u00f6ffnet wurde die Tagung mit Gru\u00dfworten der B\u00fcrgermeisterin der Stadt Bismark, Annegret Schwarz, und des Staatssekret\u00e4rs Klaus Rehda (Ministerium f\u00fcr Umwelt, Landwirtschaft und Energie). Mit Freude vernahmen wir, dass aus dem Landeshaushalt in den n\u00e4chsten Jahren zus\u00e4tzliche finanzielle Mittel f\u00fcr die Pflege unserer Kulturlandschaft bereitgestellt werden sollen, wie es bereits 2017 im Rahmen des Umweltsofortprogramms erfolgte. Ein positives Signal f\u00fcr alle, die sich um den Erhalt einer vielfaltigen und artenreichen Kulturlandschaft in unserem Bundesland sorgen und engagieren.<\/p>\n\n\n\n<div class=\"wp-block-image\"><figure class=\"aligncenter size-large\"><img loading=\"lazy\" decoding=\"async\" width=\"340\" height=\"191\" src=\"http:\/\/lfl-sachsen-anhalt.de\/lfllsa2\/wp-content\/uploads\/2019\/11\/Bild_1.jpg\" alt=\"\" class=\"wp-image-33\" srcset=\"http:\/\/lfl-sachsen-anhalt.de\/lfllsa2\/wp-content\/uploads\/2019\/11\/Bild_1.jpg 340w, http:\/\/lfl-sachsen-anhalt.de\/lfllsa2\/wp-content\/uploads\/2019\/11\/Bild_1-300x169.jpg 300w\" sizes=\"auto, (max-width: 340px) 100vw, 340px\" \/><figcaption>Gru\u00dfwort B\u00fcrgermeisterin Schwarz\nFoto: LFL Sachsen-Anhalt e.V.<\/figcaption><\/figure><\/div>\n\n\n\n<p>Den Vormittag f\u00fcllten Fachvortr\u00e4ge mit angeregten Diskussionen zu aktuellen Fragen rund um das Tagungsthema.<\/p>\n\n\n\n<p>Prof. Dr. Brandes (Technische Universit\u00e4t Braunschweig) erinnerte zun\u00e4chst eindrucksvoll an die \u00f6kologische Bedeutung der Geh\u00f6lze in unseren Siedlungen, von Hecken und Alleen in unserer Landschaft. Er demonstrierte die Funktion der Stra\u00dfenb\u00e4ume als wichtigste nat\u00fcrliche Klimaanlagen in den menschlichen Siedlungen, wo Menschen zunehmend unter \u00dcberhitzung und Feinstaubbelastung leiden.<\/p>\n\n\n\n<div class=\"wp-block-image\"><figure class=\"aligncenter size-large\"><img loading=\"lazy\" decoding=\"async\" width=\"340\" height=\"202\" src=\"http:\/\/lfl-sachsen-anhalt.de\/lfllsa2\/wp-content\/uploads\/2019\/11\/Bild_2.jpg\" alt=\"\" class=\"wp-image-34\" srcset=\"http:\/\/lfl-sachsen-anhalt.de\/lfllsa2\/wp-content\/uploads\/2019\/11\/Bild_2.jpg 340w, http:\/\/lfl-sachsen-anhalt.de\/lfllsa2\/wp-content\/uploads\/2019\/11\/Bild_2-300x178.jpg 300w\" sizes=\"auto, (max-width: 340px) 100vw, 340px\" \/><figcaption>Gru\u00dfwort Staatssekret\u00e4r Klaus Rehda (MULE)\nFoto: Kerstin Rieche, LFL Sachsen-Anhalt e.V.<\/figcaption><\/figure><\/div>\n\n\n\n<p>Gerd Fl\u00e4chner (Untere Naturschutzbeh\u00f6rde des Landkreises Altmark) verschaffte uns einen \u00dcberblick \u00fcber die Situation der Geh\u00f6lze im schwach besiedelten Landkreis Stendal.<br>Allein 100 Naturdenkmale im Landkreis Stendal sch\u00fctzen markante Geh\u00f6lze oder Alleen. Besonders typisch sind die weg- und gew\u00e4sserbegleitenden Weidengeb\u00fcsche, Pappelreihen und Kopfweiden. In den 1990er Jahren wurden im Landkreis Stendal noch \u00fcber 45.000 Kopfb\u00e4ume gez\u00e4hlt. Oft sind sie in einem beklagenswerten Zustand. Der notwendige regelm\u00e4\u00dfige Pflegeschnitt ist aufw\u00e4ndig und teuer, er wird daher viel zu selten durchgef\u00fchrt. Umso wichtiger sind daher Initiativen und Projekte, die sich der Pflege dieser Kulturdenkmale widmen. Allein der LPV Altmark-Elb-Havel-Winkel hat in den letzten Jahren f\u00fcr den Schnitt von 5.500 Kopfb\u00e4umen gesorgt. Zuletzt im Jahr 2017 in den Gemarkungen B\u00fcste und Me\u00dfdorf, finanziert \u00fcber das Umweltsofortprogramm des Landes Sachsen-Anhalt. Er machte in seinem Vortrag au\u00dferdem auf das Konfliktpotential durch unsachgem\u00e4\u00dfe Hecken- und Baumpflege aufmerksam, die Neupflanzungen im Nachhinein teilweise extrem sch\u00e4digen.<\/p>\n\n\n\n<p>Birgit Krummhaar (F\u00f6rder- und Landschaftspflegeverein Biosph\u00e4renreservat Mittelelbe e.V.) sensibilisierte mit ihrem Vortrag zu einer Problematik, die im Jahr 2020 zum Tragen kommen wird. Eine \u00c4nderung des Bundesnaturschutzgesetzes (\u00a7 40) schreibt ab M\u00e4rz 2020 bei Neupflanzungen die Verwendung gebietseigener Geh\u00f6lze zwingend vor. Ihr Landschaftspflegeverein besch\u00e4ftigt sich im Rahmen eines EU gef\u00f6rderten Projektes mit der Erfassung gebietseigener Geh\u00f6lze in der Region Mittelelbe und der Erarbeitung von Vermehrungsstrategien. Es wurde deutlich, dass im Land Sachsen-Anhalt konkrete Regelungen und Strategien fehlen und die Zeit f\u00fcr L\u00f6sungen knapp wird. So gibt es landesweit noch kein zufriedenstellendes Angebot an gebietseigenem Pflanzmaterial. Besonders prek\u00e4r ist die Lage f\u00fcr \u00f6kologisch wirtschaftende Betriebe. Zertifiziertes Pflanzmaterial f\u00fcr \u00d6kobetriebe ist nicht in Sicht. Herr Hartmann vom Verbund \u00d6koh\u00f6fe e.V. wies auf die gro\u00dfe Gefahr hin, dass somit hier keine Neupflanzungen mehr erfolgen k\u00f6nnen.<\/p>\n\n\n\n<div class=\"wp-block-image\"><figure class=\"aligncenter size-large\"><img loading=\"lazy\" decoding=\"async\" width=\"580\" height=\"300\" src=\"http:\/\/lfl-sachsen-anhalt.de\/lfllsa2\/wp-content\/uploads\/2019\/11\/Bild_4.jpg\" alt=\"\" class=\"wp-image-36\" srcset=\"http:\/\/lfl-sachsen-anhalt.de\/lfllsa2\/wp-content\/uploads\/2019\/11\/Bild_4.jpg 580w, http:\/\/lfl-sachsen-anhalt.de\/lfllsa2\/wp-content\/uploads\/2019\/11\/Bild_4-300x155.jpg 300w\" sizes=\"auto, (max-width: 580px) 100vw, 580px\" \/><figcaption>Obstsortenausstellung in Bismark\n(Foto: Kerstin Rieche, LFL Sachsen-Anhalt e.V.)<\/figcaption><\/figure><\/div>\n\n\n\n<p>Zum Abschluss berichtete Matthias Haase (Landschaftspflegeverband Gr\u00fcne Umwelt e.V.) von den langj\u00e4hrigen Erfahrungen zum Thema Geh\u00f6lzpflege aus der B\u00f6rde. Am Beispiel der Gemeinde S\u00fclzetal demonstrierte er dem Umfang des Pflegebedarfs an linienf\u00f6rmigen Geh\u00f6lzstrukturen, die im Eigentum der Gemeinde stehen. \u00dcberalterung, Pfleger\u00fcckst\u00e4nde und Artenarmut \u2013 so beschrieb er den Zustand der meisten Flurgeh\u00f6lze. Ein Zustand der sich \u00e4ndern muss, sollen die Geh\u00f6lze ihre Funktionen im Naturhaushalt weiter erf\u00fcllen k\u00f6nnen. Sein Ausblick zeigte uns, wo m\u00f6gliche L\u00f6sungsans\u00e4tze zu suchen sind. Der Ruf nach ehrenamtlichem Engagement kann hier nicht zielf\u00fchrend sein. Kommunen sind mit der Situation ebenso sowohl fachlich als auch finanziell regelm\u00e4\u00dfig \u00fcberfordert. Das Land muss sich hier seiner Mitverantwortung stellen, die auch aus den Bereichen F\u00f6rderung der Biodiversit\u00e4t und Artenschutz herr\u00fchren. Stabile und langfristig gesicherte Finanzierungen werden am Ende die preiswertere Alternative zu teurer Projektf\u00f6rderung sein.<\/p>\n\n\n\n<div class=\"wp-block-image\"><figure class=\"aligncenter size-large\"><img loading=\"lazy\" decoding=\"async\" width=\"340\" height=\"234\" src=\"http:\/\/lfl-sachsen-anhalt.de\/lfllsa2\/wp-content\/uploads\/2019\/11\/Bild_3.jpg\" alt=\"\" class=\"wp-image-31\" srcset=\"http:\/\/lfl-sachsen-anhalt.de\/lfllsa2\/wp-content\/uploads\/2019\/11\/Bild_3.jpg 340w, http:\/\/lfl-sachsen-anhalt.de\/lfllsa2\/wp-content\/uploads\/2019\/11\/Bild_3-300x206.jpg 300w\" sizes=\"auto, (max-width: 340px) 100vw, 340px\" \/><figcaption>Exkursion in die Gemarkung B\u00fcste \u2013 2017 gepflegte Kopfweide\nFoto: Kerstin Rieche, LFL Sachsen-Anhalt e.V.<\/figcaption><\/figure><\/div>\n\n\n\n<p>Den Nachmittag nutzten wir, um Beispiele aus der Arbeit des LPV Altmark-Elb-Havel-Winkel vor Ort zu besichtigen. Unter F\u00fchrung von J\u00fcrgen Peters f\u00fchrte uns die Exkursion in die Gemarkung B\u00fcste. 45 Kopfb\u00e4ume wurden 2017 gepflegt, viele Kopfb\u00e4ume warten noch auf einen dringend notwendigen Schnitt, der sie vor dem Auseinanderbrechen bewahrt. Anschlie\u00dfend sahen wir in Bismark, wie man mit in der Kleingartenanlage \u201eV\u00f6lkerfreundschaft\u201c mit dem Problem leerstehender Parzellen umgeht. Der Landschaftspflegeverband hatte hier f\u00fcr uns ein Schaupressen von Apfelsaft und eine kleine Sortenausstellung organisiert. Wir besichtigten die auf ungenutzten Parzellen vor 10 Jahren angelegte Streuobstwiese. Wir waren beeindruckt von der vorbildlichen Zusammenarbeit verschiedenster Akteure: Die Fl\u00e4chen werden durch den Kleingartenverein bereitgestellt. Der Landkreis Stendal unterst\u00fctzte das Vorhaben mit der Bereitstellung von Pflanzgut. Die Kleing\u00e4rtner sind Mitglied im Landschaftspflegeverband, sie k\u00fcmmern sich um die Pflege der Wiese und werden beim Geh\u00f6lzschnitt der alten Obstsorten durch J\u00fcrgen Peters vom LPV angeleitet. Eine runde Sache mit Nutzen f\u00fcr Mensch und Natur!<\/p>\n\n\n\n<div class=\"wp-block-image\"><figure class=\"aligncenter size-large\"><img loading=\"lazy\" decoding=\"async\" width=\"340\" height=\"254\" src=\"http:\/\/lfl-sachsen-anhalt.de\/lfllsa2\/wp-content\/uploads\/2019\/11\/Bild_5.jpg\" alt=\"\" class=\"wp-image-35\" srcset=\"http:\/\/lfl-sachsen-anhalt.de\/lfllsa2\/wp-content\/uploads\/2019\/11\/Bild_5.jpg 340w, http:\/\/lfl-sachsen-anhalt.de\/lfllsa2\/wp-content\/uploads\/2019\/11\/Bild_5-300x224.jpg 300w, http:\/\/lfl-sachsen-anhalt.de\/lfllsa2\/wp-content\/uploads\/2019\/11\/Bild_5-261x196.jpg 261w\" sizes=\"auto, (max-width: 340px) 100vw, 340px\" \/><figcaption>Streuobstwiese im Kleingartenverein Bismark\nFoto: Kerstin Rieche, LFL Sachsen-Anhalt e.V.<\/figcaption><\/figure><\/div>\n\n\n\n<div class=\"wp-block-image\"><figure class=\"aligncenter size-large\"><img loading=\"lazy\" decoding=\"async\" width=\"340\" height=\"226\" src=\"http:\/\/lfl-sachsen-anhalt.de\/lfllsa2\/wp-content\/uploads\/2019\/11\/Bild_6.jpg\" alt=\"\" class=\"wp-image-32\" srcset=\"http:\/\/lfl-sachsen-anhalt.de\/lfllsa2\/wp-content\/uploads\/2019\/11\/Bild_6.jpg 340w, http:\/\/lfl-sachsen-anhalt.de\/lfllsa2\/wp-content\/uploads\/2019\/11\/Bild_6-300x199.jpg 300w\" sizes=\"auto, (max-width: 340px) 100vw, 340px\" \/><figcaption>J\u00fcrgen Peters (LPV Altmark-Elb-Havel-Winkel e.V.) erl\u00e4utert das Gemeinschaftsprojekt Streuobstwiese\nFoto: Kerstin Rieche, LFL Sachsen-Anhalt e.V.<\/figcaption><\/figure><\/div>\n\n\n\n<p>Wir bedanken uns herzlich bei den Referenten und insbesondere J\u00fcrgen Peters und Lydia Rubbert vom LPV Altmark-Elb-Havel-Winkel f\u00fcr die gelungene Veranstaltung!<\/p>\n\n\n\n<p>Kerstin Rieche<br>Landesverband f\u00fcr Landschaftspflege Sachsen-Anhalt e.V.<\/p>\n\n\n\n<p><em>Wer Interesse an einem Vortrag hat, dem vermitteln wir gern den Kontakt zu den Referenten.<\/em><\/p>\n\n\n\n<p><\/p>\n","protected":false},"excerpt":{"rendered":"<p>Zu Besuch im gr\u00fcnen Norden beim LPV Altmark-Elb-Havel-Winkel e.V. Einmal im Jahr kommen die Landschaftspflegeverb\u00e4nde Sachsen-Anhalts zu einer gemeinsamen Jahrestagung zusammen. Abwechselnd sind wir immer wieder in einer anderen Region unseres Bundeslandes zu Gast. Am 5. September 2018 trafen wir uns in Kl\u00e4den, Teil der Einheitsgemeinde Stadt Bismark, im Herzen <a class=\"more-link\" href=\"http:\/\/lfl-sachsen-anhalt.de\/lfllsa2\/landschaftspflegetag-2018\/\">[ . . . ]<\/a><\/p>\n","protected":false},"author":1,"featured_media":0,"comment_status":"closed","ping_status":"closed","sticky":false,"template":"","format":"standard","meta":{"footnotes":""},"categories":[1],"tags":[],"class_list":["post-99","post","type-post","status-publish","format-standard","hentry","category-allgemein"],"_links":{"self":[{"href":"http:\/\/lfl-sachsen-anhalt.de\/lfllsa2\/wp-json\/wp\/v2\/posts\/99","targetHints":{"allow":["GET"]}}],"collection":[{"href":"http:\/\/lfl-sachsen-anhalt.de\/lfllsa2\/wp-json\/wp\/v2\/posts"}],"about":[{"href":"http:\/\/lfl-sachsen-anhalt.de\/lfllsa2\/wp-json\/wp\/v2\/types\/post"}],"author":[{"embeddable":true,"href":"http:\/\/lfl-sachsen-anhalt.de\/lfllsa2\/wp-json\/wp\/v2\/users\/1"}],"replies":[{"embeddable":true,"href":"http:\/\/lfl-sachsen-anhalt.de\/lfllsa2\/wp-json\/wp\/v2\/comments?post=99"}],"version-history":[{"count":3,"href":"http:\/\/lfl-sachsen-anhalt.de\/lfllsa2\/wp-json\/wp\/v2\/posts\/99\/revisions"}],"predecessor-version":[{"id":102,"href":"http:\/\/lfl-sachsen-anhalt.de\/lfllsa2\/wp-json\/wp\/v2\/posts\/99\/revisions\/102"}],"wp:attachment":[{"href":"http:\/\/lfl-sachsen-anhalt.de\/lfllsa2\/wp-json\/wp\/v2\/media?parent=99"}],"wp:term":[{"taxonomy":"category","embeddable":true,"href":"http:\/\/lfl-sachsen-anhalt.de\/lfllsa2\/wp-json\/wp\/v2\/categories?post=99"},{"taxonomy":"post_tag","embeddable":true,"href":"http:\/\/lfl-sachsen-anhalt.de\/lfllsa2\/wp-json\/wp\/v2\/tags?post=99"}],"curies":[{"name":"wp","href":"https:\/\/api.w.org\/{rel}","templated":true}]}}