{"id":105,"date":"2019-11-29T16:15:05","date_gmt":"2019-11-29T15:15:05","guid":{"rendered":"http:\/\/lfl-sachsen-anhalt.de\/lfllsa2\/?p=105"},"modified":"2019-11-29T18:29:28","modified_gmt":"2019-11-29T17:29:28","slug":"umweltwoche-des-landschaftspflegevereins-mittleres-elstertal-e-v","status":"publish","type":"post","link":"http:\/\/lfl-sachsen-anhalt.de\/lfllsa2\/umweltwoche-des-landschaftspflegevereins-mittleres-elstertal-e-v\/","title":{"rendered":"Umweltwoche des Landschaftspflegevereins \u201eMittleres Elstertal\u201c e.V."},"content":{"rendered":"\n<p><em>Umweltwoche in der Elsteraue vom 26. bis 29.09.2018<\/em><\/p>\n\n\n<p><img loading=\"lazy\" decoding=\"async\" class=\"size-full wp-image-30 alignright\" src=\"http:\/\/lfl-sachsen-anhalt.de\/lfllsa2\/wp-content\/uploads\/2019\/11\/LPVMET.jpg\" alt=\"\" width=\"100\" height=\"99\" \/>Ende September r\u00fcckt der Landschaftspflegeverein \u201eMittleres Elstertal\u201c e.V. eine Woche lang unsere Umwelt in den Blickpunkt der \u00d6ffentlichkeit. Gemeinsam mit dem T\u00fcmpelverein Predel e. V. und der Ortschaft Reuden in Predel werden verschiedene Veranstaltungen zum Thema Naturschutz und Landschaftspflege in der Elsteraue organisiert.<\/p>\n\n<figure id=\"attachment_44\" aria-describedby=\"caption-attachment-44\" style=\"width: 300px\" class=\"wp-caption alignright\"><img loading=\"lazy\" decoding=\"async\" class=\"size-medium wp-image-44\" src=\"http:\/\/lfl-sachsen-anhalt.de\/lfllsa2\/wp-content\/uploads\/2019\/11\/glasarche-300x172.jpg\" alt=\"\" width=\"300\" height=\"172\" srcset=\"http:\/\/lfl-sachsen-anhalt.de\/lfllsa2\/wp-content\/uploads\/2019\/11\/glasarche-300x172.jpg 300w, http:\/\/lfl-sachsen-anhalt.de\/lfllsa2\/wp-content\/uploads\/2019\/11\/glasarche.jpg 383w\" sizes=\"auto, (max-width: 300px) 100vw, 300px\" \/><figcaption id=\"caption-attachment-44\" class=\"wp-caption-text\">Glasarche 3 im Nationalpark Harz (Foto: Kerstin Rieche)<\/figcaption><\/figure>\n\n\n<p>Sechs nationale und internationale K\u00fcnstler pr\u00e4sentieren auf dem Gel\u00e4nde des T\u00fcmpelvereins Predel ihre Kunst und geben zum Thema \u201eNaturschutz\u201c ihren Vorstellungen zu dieser wichtigen Idee eine Form. Aus m\u00e4chtigen Eichenst\u00e4mmen werden sie unter den Augen der gern gesehenen Zuschauer Figuren entstehen lassen, die den Betrachter anregen sollen, sich mit seiner Verantwortung zum Schutz unserer Umwelt auseinanderzusetzen. Mit dabei ist auch Christian Schmidt aus Rauschwitz, dessen riesige Holzhand, die Glasarche3 seit mehr als zwei Jahren durch Mitteldeutschland tr\u00e4gt.<\/p>\n\n\n\n<p>Gearbeitet wird t\u00e4glich bis zum Freitag, dem 28.09.2018. Am Samstag, dem 29.09.2018 werden die fertigen Kunstwerke im Rahmen des Herbstfestes der Ortschaft Reuden ab 13:30 Uhr im Dorfgemeinschaftshaus in Predel Nr. 54 pr\u00e4sentiert. Sp\u00e4ter sollen die Skulpturen entlang des Elsterradweges aufgestellt werden und damit den beliebten naturnahen Radwanderweg noch mehr aufwerten.<\/p>\n\n\n\n<p><strong>Fledermauspirsch<\/strong> am 28.09.2018<\/p>\n\n\n<figure id=\"attachment_28\" aria-describedby=\"caption-attachment-28\" style=\"width: 300px\" class=\"wp-caption alignright\"><img loading=\"lazy\" decoding=\"async\" class=\"size-medium wp-image-28\" src=\"http:\/\/lfl-sachsen-anhalt.de\/lfllsa2\/wp-content\/uploads\/2019\/11\/Elster3-300x163.jpg\" alt=\"\" width=\"300\" height=\"163\" srcset=\"http:\/\/lfl-sachsen-anhalt.de\/lfllsa2\/wp-content\/uploads\/2019\/11\/Elster3-300x163.jpg 300w, http:\/\/lfl-sachsen-anhalt.de\/lfllsa2\/wp-content\/uploads\/2019\/11\/Elster3.jpg 383w\" sizes=\"auto, (max-width: 300px) 100vw, 300px\" \/><figcaption id=\"caption-attachment-28\" class=\"wp-caption-text\">Fachwerkh\u00e4user in Predel, Gemeinde Elsteraue (Foto: Kerstin Rieche)<\/figcaption><\/figure>\n\n\n<p>Besonders f\u00fcr Kinder wird es wohl ein wunderbares Erlebnis werden, die unter strengem Schutz stehenden kleinen Flatterwesen einmal von ganz nahem zu sehen. Unter fachkundiger Anleitung von Falko Meyer vom \u201eArbeitskreis Flederm\u00e4use Sachsen-Anhalt\u201c e. V. werden in der D\u00e4mmerung Flederm\u00e4use gefangen, untersucht, katalogisiert und anschlie\u00dfend wieder freigelassen. Rund um den Feuchtbereich des T\u00fcmpels in Predel werden riesige Netze aufgespannt, in denen sich die anfliegenden Tiere verfangen aber nicht verletzen k\u00f6nnen.<\/p>\n\n\n\n<p>Treffpunkt: Spielplatz am Gel\u00e4nde des T\u00fcmpelvereins in Predel \u2022 Beginn: 19:00 Uhr<\/p>\n\n\n\n<p><strong>Gef\u00fchrte Wanderung durch die Elsteraue<\/strong> f\u00fcr Jedermann am 29.09.2018<\/p>\n\n\n<figure id=\"attachment_27\" aria-describedby=\"caption-attachment-27\" style=\"width: 300px\" class=\"wp-caption alignright\"><img loading=\"lazy\" decoding=\"async\" class=\"size-medium wp-image-27\" src=\"http:\/\/lfl-sachsen-anhalt.de\/lfllsa2\/wp-content\/uploads\/2019\/11\/Elster2-300x158.jpg\" alt=\"\" width=\"300\" height=\"158\" srcset=\"http:\/\/lfl-sachsen-anhalt.de\/lfllsa2\/wp-content\/uploads\/2019\/11\/Elster2-300x158.jpg 300w, http:\/\/lfl-sachsen-anhalt.de\/lfllsa2\/wp-content\/uploads\/2019\/11\/Elster2.jpg 383w\" sizes=\"auto, (max-width: 300px) 100vw, 300px\" \/><figcaption id=\"caption-attachment-27\" class=\"wp-caption-text\">An der Wei\u00dfen Elster im NATURA 2000-Schutzgebiet (Foto: Kerstin Rieche)<\/figcaption><\/figure>\n\n\n<p>Erfahrene Natursch\u00fctzer von der \u00d6kologischen Station Borna nehmen Sie mit auf eine zweist\u00fcndige Tour durch das europ\u00e4ische NATURA 2000-Schutzgebiet in der Aue der Wei\u00dfen Elster.<br>Treffpunkt: Gel\u00e4nde des T\u00fcmpelvereins in Predel <\/p>\n\n\n\n<p><strong>Herbstfest Reuden<\/strong> am 29.09.2018<\/p>\n\n\n\n<p>Initiiert und finanziert wird die Aktionswoche durch den Landschaftspflegeverein \u201eMittleres Elstertal\u201c e.V., der dazu auch F\u00f6rdermittel aus dem regionalen LEADER-Programm erhalten hat.<\/p>\n","protected":false},"excerpt":{"rendered":"<p>Umweltwoche in der Elsteraue vom 26. bis 29.09.2018 Ende September r\u00fcckt der Landschaftspflegeverein \u201eMittleres Elstertal\u201c e.V. eine Woche lang unsere Umwelt in den Blickpunkt der \u00d6ffentlichkeit. Gemeinsam mit dem T\u00fcmpelverein Predel e. V. und der Ortschaft Reuden in Predel werden verschiedene Veranstaltungen zum Thema Naturschutz und Landschaftspflege in der Elsteraue <a class=\"more-link\" href=\"http:\/\/lfl-sachsen-anhalt.de\/lfllsa2\/umweltwoche-des-landschaftspflegevereins-mittleres-elstertal-e-v\/\">[ . . . ]<\/a><\/p>\n","protected":false},"author":1,"featured_media":0,"comment_status":"closed","ping_status":"closed","sticky":false,"template":"","format":"standard","meta":{"footnotes":""},"categories":[1],"tags":[],"class_list":["post-105","post","type-post","status-publish","format-standard","hentry","category-allgemein"],"_links":{"self":[{"href":"http:\/\/lfl-sachsen-anhalt.de\/lfllsa2\/wp-json\/wp\/v2\/posts\/105","targetHints":{"allow":["GET"]}}],"collection":[{"href":"http:\/\/lfl-sachsen-anhalt.de\/lfllsa2\/wp-json\/wp\/v2\/posts"}],"about":[{"href":"http:\/\/lfl-sachsen-anhalt.de\/lfllsa2\/wp-json\/wp\/v2\/types\/post"}],"author":[{"embeddable":true,"href":"http:\/\/lfl-sachsen-anhalt.de\/lfllsa2\/wp-json\/wp\/v2\/users\/1"}],"replies":[{"embeddable":true,"href":"http:\/\/lfl-sachsen-anhalt.de\/lfllsa2\/wp-json\/wp\/v2\/comments?post=105"}],"version-history":[{"count":1,"href":"http:\/\/lfl-sachsen-anhalt.de\/lfllsa2\/wp-json\/wp\/v2\/posts\/105\/revisions"}],"predecessor-version":[{"id":106,"href":"http:\/\/lfl-sachsen-anhalt.de\/lfllsa2\/wp-json\/wp\/v2\/posts\/105\/revisions\/106"}],"wp:attachment":[{"href":"http:\/\/lfl-sachsen-anhalt.de\/lfllsa2\/wp-json\/wp\/v2\/media?parent=105"}],"wp:term":[{"taxonomy":"category","embeddable":true,"href":"http:\/\/lfl-sachsen-anhalt.de\/lfllsa2\/wp-json\/wp\/v2\/categories?post=105"},{"taxonomy":"post_tag","embeddable":true,"href":"http:\/\/lfl-sachsen-anhalt.de\/lfllsa2\/wp-json\/wp\/v2\/tags?post=105"}],"curies":[{"name":"wp","href":"https:\/\/api.w.org\/{rel}","templated":true}]}}